[{"@context":"https:\/\/schema.org\/","@type":"Article","@id":"https:\/\/www.eleste.cz\/obycejny-detsky-pudr-a-jeho-spektrum-vyuziti\/#Article","mainEntityOfPage":"https:\/\/www.eleste.cz\/obycejny-detsky-pudr-a-jeho-spektrum-vyuziti\/","headline":"Oby\u010dejn\u00fd d\u011btsk\u00fd pudr a jeho spektrum vyu\u017eit\u00ed","name":"Oby\u010dejn\u00fd d\u011btsk\u00fd pudr a jeho spektrum vyu\u017eit\u00ed","description":"Zcela oby\u010dejn\u00fd d\u011btsk\u00fd pudr neboli d\u011btsk\u00fd z\u00e1syp by nem\u011bl chyb\u011bt ve va\u0161\u00ed dom\u00e1cnosti, nebo\u0165 uv\u00edt\u00e1te jeho pomoc v\u00a0mnoha sm\u011brech. V\u0161ak je p\u0159\u00ednosn\u00fd i pro akn\u00f3zn\u00ed ple\u0165 a k\u00a0dokonalosti va\u0161\u00ed kr\u00e1sy napom\u016f\u017ee i v\u00a0mnoha jin\u00fdch sm\u011brech. \u00a0 Co v\u0161e um\u00ed a dok\u00e1\u017ee d\u011btsk\u00fd pudr? \u00a0 Je v\u00fdborn\u00fd i v\u00a0r\u00e1mci vyu\u017eit\u00ed coby such\u00fd \u0161ampon. Posta\u010d\u00ed si do [&hellip;]","datePublished":"2025-03-06","dateModified":"2023-04-28","author":{"@type":"Person","@id":"https:\/\/www.eleste.cz\/author\/#Person","name":"eleste.cz","url":"https:\/\/www.eleste.cz\/author\/","identifier":1,"image":{"@type":"ImageObject","@id":"https:\/\/secure.gravatar.com\/avatar\/60cfa630c84b6c399b95e807e4bc5b6bfe4f26a47dceacbf179d7148760edc6a?s=96&d=mm&r=g","url":"https:\/\/secure.gravatar.com\/avatar\/60cfa630c84b6c399b95e807e4bc5b6bfe4f26a47dceacbf179d7148760edc6a?s=96&d=mm&r=g","height":96,"width":96}},"publisher":{"@type":"Organization","name":"eleste.cz","logo":{"@type":"ImageObject","@id":"\/logo.png","url":"\/logo.png","width":600,"height":60}},"image":{"@type":"ImageObject","@id":"https:\/\/www.eleste.cz\/wp-content\/uploads\/img_a308517_w2453_t1519590764.jpg","url":"https:\/\/www.eleste.cz\/wp-content\/uploads\/img_a308517_w2453_t1519590764.jpg","height":0,"width":0},"url":"https:\/\/www.eleste.cz\/obycejny-detsky-pudr-a-jeho-spektrum-vyuziti\/","about":["\u017deny"],"wordCount":599,"articleBody":"\tZcela oby\u010dejn\u00fd d\u011btsk\u00fd pudr neboli d\u011btsk\u00fd z\u00e1syp by nem\u011bl chyb\u011bt ve va\u0161\u00ed dom\u00e1cnosti, nebo\u0165 uv\u00edt\u00e1te jeho pomoc v\u00a0mnoha sm\u011brech. V\u0161ak je p\u0159\u00ednosn\u00fd i pro akn\u00f3zn\u00ed ple\u0165 a k\u00a0dokonalosti va\u0161\u00ed kr\u00e1sy napom\u016f\u017ee i v\u00a0mnoha jin\u00fdch sm\u011brech.\t\u00a0\tCo v\u0161e um\u00ed a dok\u00e1\u017ee d\u011btsk\u00fd pudr?\t\u00a0\tJe v\u00fdborn\u00fd i v\u00a0r\u00e1mci vyu\u017eit\u00ed coby such\u00fd \u0161ampon. Posta\u010d\u00ed si do rukou vsypat men\u0161\u00ed mno\u017estv\u00ed d\u011btsk\u00e9ho pudru a pot\u00e9 d\u016fkladn\u011b aplikovat do vlas\u016f a\u017e ke ko\u0159\u00ednk\u016fm. Pudr pln\u00ed funkci ohledn\u011b absorbace p\u0159ebyte\u010dn\u00e9ho mazu z\u00a0vlas\u016f a t\u00edm tak po aplikaci nebudou p\u016fsobit splihl\u00fdm dojmem.\t\u00a0\tIde\u00e1ln\u00ed pudr a jeho efektivita prodlou\u017een\u00ed a zahu\u0161t\u011bn\u00ed \u0159as. Jak v\u00edte, v\u00a0\u0159asenk\u00e1ch se nach\u00e1z\u00ed velmi jemn\u00e9 chloupe\u010dky, kter\u00e9 tak pln\u00ed funkci ohledn\u011b prodlou\u017een\u00ed a zahu\u0161t\u011bn\u00ed \u0159as. Stejn\u00fd efekt m\u00e1 i d\u011btsk\u00fd pudr. Jak na to? Nejd\u0159\u00edve naneste na \u0159asy prvn\u00ed vrstvu v\u00a0podob\u011b \u0159asenky a je\u0161t\u011b ne\u017e zaschne, je t\u0159eba obalit \u0159asy d\u011btsk\u00fdm pudrem. A pak nan\u00e9st druhou vrstvu \u0159asenkou. T\u00edmto je dosa\u017eeno efektu kr\u00e1sn\u00fdch \u0159as.\t\u00a0\tD\u011btsk\u00fd pudr dod\u00e1 na vzhledu hust\u0161\u00edho obo\u010d\u00ed\t\u00a0\tPo aplikaci va\u0161eho b\u011b\u017en\u00e9ho p\u0159\u00edpravku na obo\u010d\u00ed a to nejl\u00e9pe tu\u017ekou na obo\u010d\u00ed, pudr na tomto z\u00e1kladu vydr\u017e\u00ed d\u00e9le. Speci\u00e1ln\u011b ur\u010den\u00fd \u0161t\u011bte\u010dek na obo\u010d\u00ed obalte d\u011btsk\u00fdm pudrem a velmi opatrn\u011b j\u00edm pro\u010de\u0161te obo\u010d\u00ed. Ve v\u00fdsledku bude obo\u010d\u00ed p\u016fsobit hust\u0161\u00edm dojmem a d\u00e9le vydr\u017e\u00ed nal\u00ed\u010den\u00e9.\t\u00a0\tPudr pomocn\u00edk pro v\u00fddr\u017e rt\u011bnky\t\u00a0\tAby v\u00e1m rt\u011bnka na rtech vydr\u017eela opravdu po del\u0161\u00ed dobu a nedo\u0161lo ke zmizen\u00ed b\u011bhm chv\u00edle, je zde velmi efektivn\u00ed pomoc v\u00a0r\u00e1mci pou\u017eit\u00ed d\u011btsk\u00e9ho pudru. Pokud dodr\u017e\u00edte postup, v\u00fdsledek zaru\u010den. A jak spr\u00e1vn\u011b tedy na umocn\u011bn\u00ed v\u00fddr\u017ee rt\u011bnky na va\u0161ich rtech? Nejprve na rty nan\u00e9st rt\u011bnku. Pot\u00e9 p\u0159ilo\u017eit ke rt\u016fm jednu vrstvu pap\u00edrov\u00e9ho kapesn\u00edku a \u0161t\u011btcem namo\u010den\u00fdm v\u00a0d\u011btsk\u00e9m pudru popr\u00e1\u0161it p\u0159es kapesn\u00edk rty. Pak nan\u00e9st op\u011bt vrstvu rt\u011bnky. A d\u00edlo je hotovo.\t\u00a0\tPomocn\u00edk aneb zd\u00e1rn\u011b pom\u016f\u017ee v\u00a0boji s\u00a0akn\u00e9\t\u00a0\tJestli\u017ee se v\u00e1m na pleti objev\u00ed pup\u00ednek, sta\u010d\u00ed jen p\u0159itla\u010dit na n\u011bj prstem n\u011bkolik m\u00e1lo zrnek pudru. T\u00edm je vyta\u017een p\u0159ebyte\u010dn\u00fd maz. V\u00a0tomto sm\u011bru d\u011btsk\u00fd pudr p\u016fsob\u00ed z\u00e1rove\u0148 i protiz\u00e1n\u011btliv\u011b. Je t\u0159eba nechat p\u016fsobit p\u016fl hodiny.\t\u00a0\tStop nev\u00e1bn\u00e9mu pachu bot a nohou\t\u00a0\tJe zn\u00e1mo o skv\u011bl\u00e9 \u00fa\u010dinnosti pudru v\u00a0podob\u011b absorbace vlhkosti. Je zde velmi v\u00edtan\u00fdm pomocn\u00edkem. Sta\u010d\u00ed nasypat men\u0161\u00ed mno\u017estv\u00ed pudru do bot nebo pudr rozet\u0159\u00edt po chodidle. Velmi efektivn\u00ed nejen v\u00a0letn\u00edm obdob\u00ed.\t\u00a0\tPudr dok\u00e1\u017ee pomoc i tam, kde b\u011b\u017en\u00fd deodorant neobstoj\u00ed\t\u00a0\tJestli\u017ee nastane situace, kdy v\u00e1\u0161 b\u011b\u017en\u011b pou\u017e\u00edvan\u00fd deodorant sel\u017ee, v\u00a0r\u00e1mci pomoci v\u0161e lze zachr\u00e1nit prost\u0159ednictv\u00edm pudru. D\u011btsk\u00fd pudr rozet\u0159ete nejprve trochu na ruce a pot\u00e9 jemn\u011b aplikujte do zpocen\u00e9ho podpa\u017e\u00ed. Pudr op\u011bt vst\u0159eb\u00e1 pot a tak nen\u00ed \u0161ance k\u00a0nelib\u00e9mu z\u00e1pachu.                                                                                                                                                                                                                                                                                                                                                                                        4.2\/5 - (9 votes)        "},{"@context":"https:\/\/schema.org\/","@type":"BreadcrumbList","itemListElement":[{"@type":"ListItem","position":1,"name":"Oby\u010dejn\u00fd d\u011btsk\u00fd pudr a jeho spektrum vyu\u017eit\u00ed","item":"https:\/\/www.eleste.cz\/obycejny-detsky-pudr-a-jeho-spektrum-vyuziti\/#breadcrumbitem"}]}]