[{"@context":"https:\/\/schema.org\/","@type":"Article","@id":"https:\/\/www.eleste.cz\/mlady-a-krasny-navzdy-pohadka-nebo-realita\/#Article","mainEntityOfPage":"https:\/\/www.eleste.cz\/mlady-a-krasny-navzdy-pohadka-nebo-realita\/","headline":"Mlad\u00fd a kr\u00e1sn\u00fd nav\u017edy? Poh\u00e1dka nebo realita?","name":"Mlad\u00fd a kr\u00e1sn\u00fd nav\u017edy? Poh\u00e1dka nebo realita?","description":"Kr\u00e1sa je hodn\u011b subjektivn\u00ed pojem, kter\u00fd si tedy ka\u017ed\u00fd m\u016f\u017ee vynalo\u017eit po sv\u00e9m. Pro n\u011bkoho m\u016f\u017ee p\u0159ij\u00edt kr\u00e1sn\u00fd \u010dlov\u011bk, kter\u00fd je pro druh\u00e9ho zase o\u0161kliv\u00fd. N\u011bkdo miluje zelenou barvu a n\u011bkomu p\u0159ijde o\u0161kliv\u00e1. Ka\u017ed\u00fd vid\u00ed kr\u00e1su jinak a to je na tom to nejkr\u00e1sn\u011bj\u0161\u00ed, proto\u017ee takhle v\u0161ichni na sv\u011bt\u011b najdeme sv\u00e9 m\u00edsto. Existuje v\u017edy minim\u00e1ln\u011b [&hellip;]","datePublished":"2023-09-30","dateModified":"2023-11-01","author":{"@type":"Person","@id":"https:\/\/www.eleste.cz\/author\/#Person","name":"eleste.cz","url":"https:\/\/www.eleste.cz\/author\/","identifier":1,"image":{"@type":"ImageObject","@id":"https:\/\/secure.gravatar.com\/avatar\/60cfa630c84b6c399b95e807e4bc5b6bfe4f26a47dceacbf179d7148760edc6a?s=96&d=mm&r=g","url":"https:\/\/secure.gravatar.com\/avatar\/60cfa630c84b6c399b95e807e4bc5b6bfe4f26a47dceacbf179d7148760edc6a?s=96&d=mm&r=g","height":96,"width":96}},"publisher":{"@type":"Organization","name":"eleste.cz","logo":{"@type":"ImageObject","@id":"\/logo.png","url":"\/logo.png","width":600,"height":60}},"image":{"@type":"ImageObject","@id":"https:\/\/www.eleste.cz\/wp-content\/uploads\/raphael-lovaski-Pe9IXUuC6QU-unsplash.jpg","url":"https:\/\/www.eleste.cz\/wp-content\/uploads\/raphael-lovaski-Pe9IXUuC6QU-unsplash.jpg","height":0,"width":0},"url":"https:\/\/www.eleste.cz\/mlady-a-krasny-navzdy-pohadka-nebo-realita\/","about":["Business"],"wordCount":452,"articleBody":"   Kr\u00e1sa je hodn\u011b subjektivn\u00ed pojem, kter\u00fd si tedy ka\u017ed\u00fd m\u016f\u017ee vynalo\u017eit po sv\u00e9m. Pro n\u011bkoho m\u016f\u017ee p\u0159ij\u00edt kr\u00e1sn\u00fd \u010dlov\u011bk, kter\u00fd je pro druh\u00e9ho zase o\u0161kliv\u00fd. N\u011bkdo miluje zelenou barvu a n\u011bkomu p\u0159ijde o\u0161kliv\u00e1. Ka\u017ed\u00fd vid\u00ed kr\u00e1su jinak a to je na tom to nejkr\u00e1sn\u011bj\u0161\u00ed, proto\u017ee takhle v\u0161ichni na sv\u011bt\u011b najdeme sv\u00e9 m\u00edsto. Existuje v\u017edy minim\u00e1ln\u011b jeden \u010dlov\u011bk, kter\u00e9mu p\u0159ijdeme kr\u00e1sn\u00ed a kter\u00e9mu se l\u00edb\u00edme. A pokud takov\u00e9ho \u010dlov\u011bka potk\u00e1me, je dost mo\u017en\u00e9, \u017ee se z toho m\u016f\u017ee vyklubat l\u00e1ska na cel\u00fd \u017eivot. M\u016f\u017ee se ale st\u00e1t, \u017ee se k takov\u00e9mu \u010dlov\u011bku mus\u00edme teprve dopracovat, ale on tam n\u011bkde ur\u010dit\u011b je. Tak\u017ee lid\u00e9, kte\u0159\u00ed zrovna nikoho nemaj\u00ed se nemus\u00ed b\u00e1t, \u017ee by s kon\u010dili sami, pokud to sami necht\u011bj\u00ed. V\u017edy tam n\u011bkdo venku \u010dek\u00e1, kdo si o n\u00e1s mysl\u00ed, \u017ee jsme kr\u00e1sn\u00ed. A to je na tom to kr\u00e1sn\u00e9. Lid\u00e9 se sna\u017e\u00ed kr\u00e1su jako takovou definovat, p\u0159itom je to nedefinovateln\u00fd pojem, kter\u00fd vid\u00ed ka\u017ed\u00fd jinak. Lid\u00e9 se sna\u017e\u00ed v\u0161em vtlouct do hlavy, \u017ee kr\u00e1sa nutn\u011b znamen\u00e1 huben\u00e9 t\u011blo, ale z\u00e1rove\u0148 trochu vyr\u00fdsovan\u00e9, co\u017e \u00fapln\u011b logicky nejde, tv\u00e1\u0159 bez vr\u00e1sek a jak\u00fdchkoliv nedostatk\u016f, t\u011blo bez tuku a v\u0161ude dokonal\u00e1 k\u016f\u017ee bez znam\u00e9nek, jizev a podobn\u011b. Tohle ale zn\u00ed jako poh\u00e1dka, by\u0165 si hodn\u011b lid\u00ed mysl\u00ed, \u017ee je to mo\u017en\u00e9.Co kdy\u017e to ale mo\u017en\u00e9 opravdu jednou bude? M\u016f\u017ee se to st\u00e1t? Samoz\u0159ejm\u011b m\u016f\u017ee. M\u016f\u017ee se st\u00e1t, \u017ee jednou vymysl\u00edme l\u00e9k, kter\u00fd n\u00e1s v\u0161ech zbav\u00ed vr\u00e1sek, stri\u00ed a nedokonalost\u00ed. Ten l\u00e9k m\u016f\u017ee b\u00fdt v jak\u00e9koliv form\u011b, m\u016f\u017ee se jednat o vymo\u017eenosti, v\u017edy\u0165 u\u017e te\u010f m\u00e1me lasery a r\u016fzn\u00e9 pomocn\u00edky, m\u016f\u017ee se ale tak\u00e9 jednat o genetick\u00e9 \u00fapravy. To je ale je\u0161t\u011b hodn\u011b daleko p\u0159ed n\u00e1mi. I nyn\u00ed jsou ale mo\u017enosti, jak b\u00fdt dlouho mlad\u00fd. Kouzlo spo\u010d\u00edv\u00e1 v collagenu, kter\u00fd se n\u00e1m ve st\u00e1\u0159\u00ed tvo\u0159\u00ed u\u017e velmi m\u00e1lo. Proto nest\u00edh\u00e1 vypl\u0148ovat p\u0159irozen\u00e9 vr\u00e1sky a n\u00e1m se tak prohlubuj\u00ed a vznikaj\u00ed nov\u00e9. Je to ale velmi p\u0159irozen\u00fd proces. Lid\u00e9 si ale nech\u00e1vaj\u00ed dopl\u0148ovat collagen formou nap\u0159\u00edklad pr\u00e1\u0161k\u016f a podobn\u011b, co\u017e jim pom\u00e1h\u00e1 k tomu, aby byla jejich k\u016f\u017ee zase pevn\u00e1.                                                                                                                                                                                                                                                                                                                                                                                           4.4\/5 - (10 votes)        "},{"@context":"https:\/\/schema.org\/","@type":"BreadcrumbList","itemListElement":[{"@type":"ListItem","position":1,"name":"Mlad\u00fd a kr\u00e1sn\u00fd nav\u017edy? Poh\u00e1dka nebo realita?","item":"https:\/\/www.eleste.cz\/mlady-a-krasny-navzdy-pohadka-nebo-realita\/#breadcrumbitem"}]}]