[{"@context":"https:\/\/schema.org\/","@type":"Article","@id":"https:\/\/www.eleste.cz\/kocarek-pro-dceru\/#Article","mainEntityOfPage":"https:\/\/www.eleste.cz\/kocarek-pro-dceru\/","headline":"Ko\u010d\u00e1rek pro dceru","name":"Ko\u010d\u00e1rek pro dceru","description":"Kdy\u017e jsem se dozv\u011bd\u011bla, \u017ee jsem t\u011bhotn\u00e1, tak jsem byla opravdu v sedm\u00e9m nebi. A nemohla jsem tomu ani uv\u011b\u0159it. Proto\u017ee jsme se s p\u0159\u00edtelem sna\u017eili p\u011bt let o d\u00edt\u011b, ale v\u016fbec na\u0161e vytou\u017een\u00e9 miminko nep\u0159ich\u00e1zelo. Taky jsme byli velice p\u0159ekvapeni, z\u00e1rove\u0148 tak\u00e9 smutn\u00ed, proto\u017ee n\u00e1m l\u00e9ka\u0159i \u0159ekli, \u017ee my dva spolu nikdy m\u00edt d\u00edt\u011b [&hellip;]","datePublished":"2023-02-10","dateModified":"2023-04-28","author":{"@type":"Person","@id":"https:\/\/www.eleste.cz\/author\/#Person","name":"eleste.cz","url":"https:\/\/www.eleste.cz\/author\/","identifier":1,"image":{"@type":"ImageObject","@id":"https:\/\/secure.gravatar.com\/avatar\/60cfa630c84b6c399b95e807e4bc5b6bfe4f26a47dceacbf179d7148760edc6a?s=96&d=mm&r=g","url":"https:\/\/secure.gravatar.com\/avatar\/60cfa630c84b6c399b95e807e4bc5b6bfe4f26a47dceacbf179d7148760edc6a?s=96&d=mm&r=g","height":96,"width":96}},"publisher":{"@type":"Organization","name":"eleste.cz","logo":{"@type":"ImageObject","@id":"\/logo.png","url":"\/logo.png","width":600,"height":60}},"image":{"@type":"ImageObject","@id":"https:\/\/www.eleste.cz\/wp-content\/uploads\/baby-carriage-337696_960_720_8.jpg","url":"https:\/\/www.eleste.cz\/wp-content\/uploads\/baby-carriage-337696_960_720_8.jpg","height":0,"width":0},"url":"https:\/\/www.eleste.cz\/kocarek-pro-dceru\/","about":["V\u00fdrobky"],"wordCount":446,"articleBody":"          Kdy\u017e jsem se dozv\u011bd\u011bla, \u017ee jsem t\u011bhotn\u00e1, tak jsem byla opravdu v sedm\u00e9m nebi. A nemohla jsem tomu ani uv\u011b\u0159it. Proto\u017ee jsme se s p\u0159\u00edtelem sna\u017eili p\u011bt let o d\u00edt\u011b, ale v\u016fbec na\u0161e vytou\u017een\u00e9 miminko nep\u0159ich\u00e1zelo. Taky jsme byli velice p\u0159ekvapeni, z\u00e1rove\u0148 tak\u00e9 smutn\u00ed, proto\u017ee n\u00e1m l\u00e9ka\u0159i \u0159ekli, \u017ee my dva spolu nikdy m\u00edt d\u00edt\u011b nebudeme. Pr\u00fd nejsme n\u011bjak kompatibiln\u00ed biologicky. Absolutn\u011b jsem tomu nerozum\u011bla, tak\u017ee jsem si doma sedla k po\u010d\u00edta\u010di, kdy jsem se dozv\u011bd\u011bla opravdu spoustu informac\u00ed o tom, kdy\u017e jsou rodi\u010de nekompatibiln\u00ed biologicky. Prost\u011b nem\u016f\u017eeme m\u00edt spolu d\u011bti. Jenom\u017ee s p\u0159\u00edtelem jsme se tak moc milovali, \u017ee jsme se nedok\u00e1zali opustit, prost\u011b jsme to n\u011bjak p\u0159ijmuli a \u0159ekli jsme si, \u017ee budeme mo\u017en\u00e1 tak\u00e9 adoptovat mal\u00e9 d\u00edt\u011b. Jenom\u017ee ne\u017e jsme se k tomu rozhoupali, tak jsem zjistila, \u017ee jsem t\u011bhotn\u00e1. Takovou radost jsme nikdy p\u0159edt\u00edm nem\u011bla a v\u011b\u0159te mi, \u017ee jsem skoro p\u0159estala radost\u00ed d\u00fdchat! A byl a jsem skoro ve druh\u00e9m m\u011bs\u00edci, opravdu byl to velik\u00fd \u0161ok a taky jsem taky plakala, ale byla jsem z\u00e1rove\u0148 tak moc r\u00e1da a pot\u011b\u0161en\u00e1, \u017ee jsem nemohla ani mluvit. Pozd\u011bji jsem se dozv\u011bd\u011bla \u017ee s p\u0159\u00edtelem \u010dek\u00e1me hol\u010di\u010dku. Tak\u017ee jsme cht\u011bli opravdu n\u00e1dhern\u00fd ko\u010d\u00e1rek pro hol\u010di\u010dku, aby byl opravdu nejkr\u00e1sn\u011bj\u0161\u00ed na sv\u011bt\u011b. Je logick\u00e9, \u017ee kdy\u017e se rodi\u010d\u016fm spln\u00ed velik\u00e9 p\u0159\u00e1n\u00ed, tak potom cht\u011bj\u00ed m\u00edt taky opravdu nejlep\u0161\u00ed v\u011bci pro sv\u00e9 d\u00edt\u011b. A ko\u010d\u00e1rek pro hol\u010di\u010dku jsem si vybrala na webov\u00e9 str\u00e1nce maxim-kocarky.cz, kterou mi doporu\u010dila moje kamar\u00e1dka, proto\u017ee u\u017e ona tam kupovala sama dva ko\u010d\u00e1rky. Jeden ko\u010d\u00e1rek pro hol\u010di\u010dku a druh\u00fd ko\u010d\u00e1rek pro chlape\u010dka. Kamar\u00e1dka m\u00e1 dv\u011b kr\u00e1sn\u00e9 d\u011bti a j\u00e1 se t\u011b\u0161\u00edm, \u017ee budu s kamar\u00e1dkou za chvilku u\u017e taky vozit ko\u010d\u00e1rek, proto\u017ee moje kamar\u00e1dka u\u017e \u010dek\u00e1 t\u0159et\u00ed d\u00edt\u011b a jej\u00ed t\u0159et\u00ed d\u00edt\u011b se m\u00e1 narodit o dva t\u00fddny d\u0159\u00edve ne\u017e to moje. Tak\u017ee u\u017e se t\u011b\u0161\u00edm, jak bude prob\u00edhat na\u0161e p\u0159\u00e1telstv\u00ed s d\u011btmi. A ko\u010d\u00e1rek pro hol\u010di\u010dku m\u00e1me opravdu moc p\u011bkn\u00fd, \u017ee se p\u0159\u00edtel na n\u011bj nem\u016f\u017ee vynad\u00edvat a j\u00e1 taky ne.                                                                                                                                                                                                                                                                                                                                                                                                   "},{"@context":"https:\/\/schema.org\/","@type":"BreadcrumbList","itemListElement":[{"@type":"ListItem","position":1,"name":"Ko\u010d\u00e1rek pro dceru","item":"https:\/\/www.eleste.cz\/kocarek-pro-dceru\/#breadcrumbitem"}]}]