[{"@context":"https:\/\/schema.org\/","@type":"Article","@id":"https:\/\/www.eleste.cz\/ceske-vyrobky-versus-nemecke-vyrobky\/#Article","mainEntityOfPage":"https:\/\/www.eleste.cz\/ceske-vyrobky-versus-nemecke-vyrobky\/","headline":"\u010cesk\u00e9 v\u00fdrobky versus n\u011bmeck\u00e9 v\u00fdrobky","name":"\u010cesk\u00e9 v\u00fdrobky versus n\u011bmeck\u00e9 v\u00fdrobky","description":"Jeden v\u00fdrobek, stejn\u00fd v\u00fdrobce, stejn\u00fd obal av\u0161ak odli\u0161n\u00e9 slo\u017een\u00ed a parametry. Jak je to mo\u017en\u00e9 a pro\u010d se tak d\u011bje? V\u00a0\u010cesk\u00e9 republice se o t\u00e9to problematice mluv\u00ed \u0159adu let, jsou pravideln\u011b d\u011bl\u00e1ny testy na slo\u017een\u00ed, porovn\u00e1v\u00e1 se slo\u017een\u00ed jednoho typu v\u00fdrobku zde u n\u00e1s s\u00a0v\u00fdrobky, kter\u00e9 se prod\u00e1vaj\u00ed v\u00a0zahrani\u010d\u00ed od stejn\u00e9ho v\u00fdrobce. I p\u0159esto, \u017ee [&hellip;]","datePublished":"2025-02-28","dateModified":"2023-04-28","author":{"@type":"Person","@id":"https:\/\/www.eleste.cz\/author\/#Person","name":"eleste.cz","url":"https:\/\/www.eleste.cz\/author\/","identifier":1,"image":{"@type":"ImageObject","@id":"https:\/\/secure.gravatar.com\/avatar\/60cfa630c84b6c399b95e807e4bc5b6bfe4f26a47dceacbf179d7148760edc6a?s=96&d=mm&r=g","url":"https:\/\/secure.gravatar.com\/avatar\/60cfa630c84b6c399b95e807e4bc5b6bfe4f26a47dceacbf179d7148760edc6a?s=96&d=mm&r=g","height":96,"width":96}},"publisher":{"@type":"Organization","name":"eleste.cz","logo":{"@type":"ImageObject","@id":"\/logo.png","url":"\/logo.png","width":600,"height":60}},"image":{"@type":"ImageObject","@id":"https:\/\/www.eleste.cz\/wp-content\/uploads\/img_a323674_w2453_t1535398874.jpg","url":"https:\/\/www.eleste.cz\/wp-content\/uploads\/img_a323674_w2453_t1535398874.jpg","height":0,"width":0},"url":"https:\/\/www.eleste.cz\/ceske-vyrobky-versus-nemecke-vyrobky\/","about":["V\u00fdrobky"],"wordCount":412,"articleBody":"Jeden v\u00fdrobek, stejn\u00fd v\u00fdrobce, stejn\u00fd obal av\u0161ak odli\u0161n\u00e9 slo\u017een\u00ed a parametry. Jak je to mo\u017en\u00e9 a pro\u010d se tak d\u011bje? V\u00a0\u010cesk\u00e9 republice se o t\u00e9to problematice mluv\u00ed \u0159adu let, jsou pravideln\u011b d\u011bl\u00e1ny testy na slo\u017een\u00ed, porovn\u00e1v\u00e1 se slo\u017een\u00ed jednoho typu v\u00fdrobku zde u n\u00e1s s\u00a0v\u00fdrobky, kter\u00e9 se prod\u00e1vaj\u00ed v\u00a0zahrani\u010d\u00ed od stejn\u00e9ho v\u00fdrobce. I p\u0159esto, \u017ee v\u00fdrobci vyr\u00e1b\u00ed stejn\u00fd v\u00fdrobek, tak u\u017e p\u0159i v\u00fdrob\u011b rozli\u0161uj\u00ed, do jak\u00e9 zem\u011b poputuje, a na z\u00e1klad\u011b c\u00edlov\u00e9 zem\u011b jsou upravovan\u00e9 parametry. Nen\u00ed \u017e\u00e1dn\u00fdm tajemstv\u00edm, \u017ee se v\u00fdznamn\u00e9 rozd\u00edly objevily nap\u0159\u00edklad u \u010dokol\u00e1dy Milky, kdy n\u011bmeck\u00e1 Milka oproti t\u00e9 \u010desk\u00e9 obsahuje v\u00edce kakaa.Dal\u0161\u00edm v\u00fdrobkem, kde byly zaznamen\u00e1ny odli\u0161n\u00e9 parametry je nap\u0159\u00edklad pizza Ristorante s\u00a0ni\u017e\u0161\u00edm pod\u00edlem s\u00fdru, taven\u00fd s\u00fdr Kiri. \u2026 bohu\u017eel t\u011bchto v\u00fdrobk\u016f na trhu neust\u00e1le p\u0159ib\u00fdv\u00e1, m\u00edsto toho, aby se to radik\u00e1ln\u011b \u0159e\u0161ilo a jednotliv\u00fdm v\u00fdrobc\u016fm se uvalily pokuty.Odli\u0161n\u00e9 parametry se ned\u011bj\u00ed jen u potravin\u00e1\u0159sk\u00fdch v\u00fdrobk\u016f, ale d\u011bje se to u\u017e i u kosmetiky a drogerie. Rozd\u00edly byly tak\u00e9 zaznamen\u00e1ny konkr\u00e9tn\u011b u prac\u00edho pr\u00e1\u0161ku Persil. V\u011bt\u0161ina v\u00fdrobc\u016f se k\u00a0odli\u0161nosti slo\u017een\u00ed po jeho odhalen\u00ed nechce ani vyjad\u0159ovat, o \u010dem\u017e tak\u00e9 n\u011bco sv\u011bd\u010d\u00ed.Bohu\u017eel je to probl\u00e9m nap\u0159\u00ed\u010d celou Evropou, ned\u011bje se to jen u n\u00e1s. Bojuj\u00ed s\u00a0t\u00edm i jin\u00e9 sousedn\u00ed zem\u011b. Je dlouhodob\u00fd probl\u00e9m, kter\u00fd by m\u011bla Evropsk\u00e1 unie, kter\u00e1 sjednocuje v\u011bt\u0161inu zem\u00ed Evropy zas\u00e1hnout a nastavit n\u011bjak\u00e9 regulace. Jde o klam\u00e1n\u00ed z\u00e1kazn\u00edka!Velmi \u010dasto se ale tak\u00e9 setk\u00e1v\u00e1me s\u00a0t\u00edm, \u017ee \u010de\u0161t\u00ed spot\u0159ebitel\u00e9 odj\u00ed\u017ed\u011bj\u00ed za n\u00e1kupy do N\u011bmecka pr\u00e1v\u011b kv\u016fli vy\u0161\u0161\u00ed kvalit\u011b v\u00fdrobk\u016f, postupn\u011b ale za\u010d\u00edn\u00e1 b\u00fdt probl\u00e9mem i cena, kter\u00e1 je v\u00a0zahrani\u010d\u00ed pro \u010cechy p\u0159ijateln\u011bj\u0161\u00ed a p\u0159i v\u011bt\u0161\u00edm n\u00e1kupu se jim cesta do zahrani\u010d\u00ed vyplat\u00ed.\u00a0 \u010ce\u0161i si ud\u011blaj\u00ed velk\u00fd rodinn\u00fd n\u00e1kup, spoj\u00ed to s\u00a0v\u00fdletem a jsou v\u0161ichni spokojen\u00ed. Tohle ale p\u0159ece nen\u00ed pro \u010ceskou republiku v\u00a0po\u0159\u00e1dku.\u00a0                                                                                                                                                                                                                                                                                                                                                                                        4.4\/5 - (7 votes)        "},{"@context":"https:\/\/schema.org\/","@type":"BreadcrumbList","itemListElement":[{"@type":"ListItem","position":1,"name":"\u010cesk\u00e9 v\u00fdrobky versus n\u011bmeck\u00e9 v\u00fdrobky","item":"https:\/\/www.eleste.cz\/ceske-vyrobky-versus-nemecke-vyrobky\/#breadcrumbitem"}]}]